{"id":10603,"date":"2017-02-03T14:11:43","date_gmt":"2017-02-03T13:11:43","guid":{"rendered":"https:\/\/www.sysbus.eu\/?p=10603"},"modified":"2017-02-02T11:21:20","modified_gmt":"2017-02-02T10:21:20","slug":"sysbus-trend-thema-cloud-teil-3","status":"publish","type":"post","link":"https:\/\/www.sysbus.eu\/?p=10603","title":{"rendered":"Sysbus Trend-Thema Cloud, Teil 3"},"content":{"rendered":"<p>Heute setzen wir unser aktuelles Trend-Thema zur Cloud fort. Es beteiligen sich die Unternehmen proALPHA, TP-Link, NTT-Europe und Colt Technology Services.<\/p>\n<p><!--more--><\/p>\n<p><a href=\"https:\/\/www.sysbus.eu\/wp-content\/uploads\/2017\/02\/Andree-Stachowski.jpg\"><img loading=\"lazy\" decoding=\"async\" class=\"alignnone size-medium wp-image-10604\" src=\"https:\/\/www.sysbus.eu\/wp-content\/uploads\/2017\/02\/Andree-Stachowski-300x183.jpg\" alt=\"\" width=\"300\" height=\"183\" srcset=\"https:\/\/www.sysbus.eu\/wp-content\/uploads\/2017\/02\/Andree-Stachowski-300x183.jpg 300w, https:\/\/www.sysbus.eu\/wp-content\/uploads\/2017\/02\/Andree-Stachowski.jpg 500w\" sizes=\"auto, (max-width: 300px) 100vw, 300px\" \/><\/a><\/p>\n<p>&#8222;Wir sehen kein Gegeneinander von Cloud und lokal installierter Software&#8220;, erkl\u00e4rt <a href=\"https:\/\/www.proalpha.com\/de\/\">Andree Stachowski, CSO und Gesch\u00e4ftsf\u00fchrer von proALPHA<\/a>. &#8222;Die Eignung des jeweiligen Bezugsmodells richtet sich vielmehr nach der individuellen Situation im Unternehmen. In vielen F\u00e4llen erweisen sich gerade Mischformen als die sinnvollste Option. Daher bieten wir unseren Kunden f\u00fcr jeden Bedarfsfall eine individuelle L\u00f6sung, von on-premise \u00fcber Misch- bis hin zu reinen Cloud-Modellen.&#8220;<\/p>\n<p><a href=\"https:\/\/www.sysbus.eu\/wp-content\/uploads\/2017\/02\/Jeremy-Barber_TP-Link.jpg\"><img loading=\"lazy\" decoding=\"async\" class=\"alignnone size-medium wp-image-10605\" src=\"https:\/\/www.sysbus.eu\/wp-content\/uploads\/2017\/02\/Jeremy-Barber_TP-Link-210x300.jpg\" alt=\"\" width=\"210\" height=\"300\" srcset=\"https:\/\/www.sysbus.eu\/wp-content\/uploads\/2017\/02\/Jeremy-Barber_TP-Link-210x300.jpg 210w, https:\/\/www.sysbus.eu\/wp-content\/uploads\/2017\/02\/Jeremy-Barber_TP-Link.jpg 500w\" sizes=\"auto, (max-width: 210px) 100vw, 210px\" \/><\/a><\/p>\n<p>&#8222;Nicht nur Unternehmen im IT-Bereich nutzen die Cloud um Prozesse zu optimieren; Cloud-Systeme sind mittlerweile fester Bestandteil vieler Unternehmen und gelten als Qualit\u00e4tsmerkmal eines Systems&#8220;, meint <a href=\"http:\/\/www.tp-link.de\/\">Jeremy Barber, Pre-Sales Engineer bei der TP-Link Deutschland GmbH<\/a>. &#8222;Cloud-Storage erm\u00f6glicht Mitarbeitern Zugang zu firmeninternen Daten. Die Sicherheit der Daten steht jedoch im Kontrast zur globalen Verf\u00fcgbarkeit der Daten, denn es gibt nur Kompromissl\u00f6sungen.&#8220;<\/p>\n<p><a href=\"https:\/\/www.sysbus.eu\/wp-content\/uploads\/2016\/06\/Mendez.jpg\"><img loading=\"lazy\" decoding=\"async\" class=\"alignnone size-medium wp-image-9774\" src=\"https:\/\/www.sysbus.eu\/wp-content\/uploads\/2016\/06\/Mendez-199x300.jpg\" alt=\"\" width=\"199\" height=\"300\" \/><\/a><\/p>\n<p>&#8222;&#8218;Cloud first&#8216; und &#8218;Digitization of IT&#8216; sind Trends und Treiber einer neuen Netzwerkarchitektur&#8220;, so <a href=\"http:\/\/www.eu.ntt.com\/de\/index.html\">Carlos Mendez, Head of Marketing Central &amp; East Europe bei NTT Europe, Germany<\/a>. &#8222;Carrier und Service-Provider arbeiten daher an Diensten f\u00fcr ein gemanagtes Software-definiertes WAN. Ziele sind, MPLS WANs zu verbessern und verst\u00e4rkt einzusetzen sowie agilere, kosteng\u00fcnstigere Cloud-f\u00e4hige WANs anzubieten. Das Angebot an Legacy-MPLS-VPNs sollte SD-WAN umfassen und als Hybrid WAN vermarktet werden.&#8220;<\/p>\n<p><a href=\"https:\/\/www.sysbus.eu\/wp-content\/uploads\/2017\/02\/Colt_S\u00fcleyman_Karaman.jpg\"><img loading=\"lazy\" decoding=\"async\" class=\"alignnone wp-image-10606 size-medium\" src=\"https:\/\/www.sysbus.eu\/wp-content\/uploads\/2017\/02\/Colt_S\u00fcleyman_Karaman-300x200.jpg\" width=\"300\" height=\"200\" srcset=\"https:\/\/www.sysbus.eu\/wp-content\/uploads\/2017\/02\/Colt_S\u00fcleyman_Karaman-300x200.jpg 300w, https:\/\/www.sysbus.eu\/wp-content\/uploads\/2017\/02\/Colt_S\u00fcleyman_Karaman.jpg 500w\" sizes=\"auto, (max-width: 300px) 100vw, 300px\" \/><\/a><\/p>\n<p>&#8222;In 2017 werden noch mehr Unternehmen Prozesse in die Cloud verlagern&#8220;, schlie\u00dft <a href=\"http:\/\/www.colt.net\/de\/\">S\u00fcleyman Karaman, Gesch\u00e4ftsf\u00fchrer der Colt Technology Services GmbH<\/a>, das Thema f\u00fcr heute ab. &#8222;Daf\u00fcr ben\u00f6tigen sie hohe, skalierbare Bandbreite und intelligente Netzwerke wie unser Colt IQ Network. Nur so k\u00f6nnen sie ihren Verbrauch schnell ihrer tats\u00e4chlichen Nachfrage anpassen und sogar k\u00fcnftige Anforderungen antizipieren. Das Thema Software-Defined Networking (SDN) wird deshalb in den kommenden Jahren immer wichtiger.&#8220;<\/p>\n","protected":false},"excerpt":{"rendered":"<p>Heute setzen wir unser aktuelles Trend-Thema zur Cloud fort. Es beteiligen sich die Unternehmen proALPHA, TP-Link, NTT-Europe und Colt Technology<\/p>\n","protected":false},"author":1,"featured_media":10578,"comment_status":"open","ping_status":"open","sticky":false,"template":"","format":"standard","meta":{"colormag_page_container_layout":"default_layout","colormag_page_sidebar_layout":"default_layout","footnotes":""},"categories":[22,8931],"tags":[8957,6717,8037,8493,8960,8956,8961,8962,8964,8965,8958,7031,8955,2806,8954,8959,8790,2302,3153,36,8963,108,180,1960],"class_list":["post-10603","post","type-post","status-publish","format-standard","has-post-thumbnail","hentry","category-cloud","category-trends","tag-andree-stachowski","tag-bandbreite","tag-carlos-mendez","tag-carrier","tag-cloud-first","tag-colt-technology-services","tag-digitization-of-it","tag-hybrid-wan","tag-inelligentes-netz","tag-iq-network","tag-jeremy-barber","tag-mpls","tag-ntt-europe","tag-on-premise","tag-proalpha","tag-prozessoptimierung","tag-sd-wan","tag-sdn","tag-service-provider","tag-sicherheit","tag-sueleyman-karaman","tag-tp-link","tag-vpn","tag-wan"],"amp_enabled":true,"_links":{"self":[{"href":"https:\/\/www.sysbus.eu\/index.php?rest_route=\/wp\/v2\/posts\/10603","targetHints":{"allow":["GET"]}}],"collection":[{"href":"https:\/\/www.sysbus.eu\/index.php?rest_route=\/wp\/v2\/posts"}],"about":[{"href":"https:\/\/www.sysbus.eu\/index.php?rest_route=\/wp\/v2\/types\/post"}],"author":[{"embeddable":true,"href":"https:\/\/www.sysbus.eu\/index.php?rest_route=\/wp\/v2\/users\/1"}],"replies":[{"embeddable":true,"href":"https:\/\/www.sysbus.eu\/index.php?rest_route=%2Fwp%2Fv2%2Fcomments&post=10603"}],"version-history":[{"count":1,"href":"https:\/\/www.sysbus.eu\/index.php?rest_route=\/wp\/v2\/posts\/10603\/revisions"}],"predecessor-version":[{"id":10607,"href":"https:\/\/www.sysbus.eu\/index.php?rest_route=\/wp\/v2\/posts\/10603\/revisions\/10607"}],"wp:featuredmedia":[{"embeddable":true,"href":"https:\/\/www.sysbus.eu\/index.php?rest_route=\/wp\/v2\/media\/10578"}],"wp:attachment":[{"href":"https:\/\/www.sysbus.eu\/index.php?rest_route=%2Fwp%2Fv2%2Fmedia&parent=10603"}],"wp:term":[{"taxonomy":"category","embeddable":true,"href":"https:\/\/www.sysbus.eu\/index.php?rest_route=%2Fwp%2Fv2%2Fcategories&post=10603"},{"taxonomy":"post_tag","embeddable":true,"href":"https:\/\/www.sysbus.eu\/index.php?rest_route=%2Fwp%2Fv2%2Ftags&post=10603"}],"curies":[{"name":"wp","href":"https:\/\/api.w.org\/{rel}","templated":true}]}}